{"id":3810,"date":"2025-01-30T09:00:33","date_gmt":"2025-01-30T08:00:33","guid":{"rendered":"https:\/\/oftalmologijabih.ba\/?p=3810"},"modified":"2025-01-30T09:13:05","modified_gmt":"2025-01-30T08:13:05","slug":"prva-skola-oct-i-octa-u-sarajevu-centar-znanja-na-balkanu","status":"publish","type":"post","link":"https:\/\/oftalmologijabih.ba\/en\/prva-skola-oct-i-octa-u-sarajevu-centar-znanja-na-balkanu\/","title":{"rendered":"Prva \u0160kola OCT i OCTA u Sarajevu &#8211; centar znanja na Balkanu"},"content":{"rendered":"<p>Sarajevo \u0107e 4. i 5. aprila 2025. godine postati centar oftalmolo\u0161ke edukacije, jer \u0107e ugostiti prvu me\u0111unarodnu \u0160kolu OCT i OCTA. Ovaj jedinstveni doga\u0111aj okupit \u0107e oftalmologe iz cijele regije, s ciljem<br \/>\nrazmjene znanja, unaprje\u0111enja dijagnosti\u010dkih vje\u0161tina i usvajanja najsavremenijih tehnika interpretacije OCT i OCTA snimaka. Po prvi put u regiji, u\u010desnici \u0107e imati priliku da kroz interaktivne radionice i predavanja stru\u010dnjaka steknu dublje razumijevanje opti\u010dke koherentne tomografije i angiografije.<!--more--><\/p>\n<p><strong>ZA\u0160TO JE \u0160KOLA OCT I OCTA JEDINSTVENA?<\/strong><\/p>\n<p>U\u010desnici \u0107e imati priliku da:<\/p>\n<ul>\n<li>Nau\u010de osnovne i napredne tehnike OCT i OCTA interpretacije.<\/li>\n<li>Razmijene iskustva s kolegama iz regije.<\/li>\n<li>Prisustvuju interaktivnim sesijama sa slu\u010dajevima iz prakse.<\/li>\n<li>Diskutuju o najnovijim istra\u017eivanjima i inovacijama u oftalmologiji.<\/li>\n<li>Steknu certifikat koji potvr\u0111uje njihovo u\u010de\u0161\u0107e i nova znanja.<\/li>\n<\/ul>\n<p><strong>KO STOJI IZA ORGANIZACIJE?<\/strong><\/p>\n<p>\u0160kolu OCT i OCTA organizira Udru\u017eenje Medicinska mre\u017ea, dok su klju\u010dni organizatori i predava\u010di Ajla Pidro Miokovi\u0107 i Aida Pidro Gad\u017eo, uz podr\u0161ku drugih pozvanih eksperata. Njihova vizija je ne samo podizanje nivoa znanja i vje\u0161tina u oblasti OCT i OCTA dijagnostike, ve\u0107 i kreiranje sna\u017ene mre\u017ee stru\u010dnjaka koji \u0107e zajedni\u010dki raditi na unapre\u0111enju oftalmolo\u0161ke prakse.<\/p>\n<p><strong>SARAJEVO \u2013 IDEALNO MJESTO ZA EDUKACIJU<\/strong><\/p>\n<p>Sarajevo, kao kulturni i akademski centar Balkana, pru\u017ea savr\u0161eno okru\u017eenje za ovakav doga\u0111aj. Kombinacija bogate historije, moderne infrastrukture i gostoprimstva \u010dini ga idealnim mjestom za razmjenu znanja i stru\u010dnih iskustava.<\/p>\n<p><strong>KAKO SE PRIJAVITI?<\/strong><\/p>\n<p>Broj mjesta je ograni\u010den, a interesovanje veliko, stoga se prijave otvaraju ve\u0107 sada! Svi zainteresovani mogu se registrovati i osigurati svoje mjesto putem zvani\u010dnih kanala:<\/p>\n<p>\ud83d\udccc Instagram profili: <span style=\"color: #1e76bd;\"><a style=\"color: #1e76bd;\" href=\"https:\/\/www.instagram.com\/medicinska.mreza\/\" target=\"_blank\" rel=\"noopener\">@medicinska.mreza<\/a> <a style=\"color: #1e76bd;\" href=\"https:\/\/www.instagram.com\/dr_ajla\" target=\"_blank\" rel=\"noopener\">@dr_ajla<\/a><\/span><br \/>\n\ud83d\udccc Web stranica: <span style=\"color: #1e76bd;\"><a style=\"color: #1e76bd;\" href=\"https:\/\/miopija.my.canva.site\/oct\" target=\"_blank\" rel=\"noopener\">https:\/\/miopija.my.canva.site\/oct<\/a><\/span> [2]<\/p>\n<p>Ne propustite priliku da postanete dio prve generacije polaznika \u0160kole OCT i OCTA u Sarajevu! O\u010dekuje vas vrhunska edukacija, razmjena iskustava i prilika da unaprijedite svoju dijagnosti\u010dku praksu uz pomo\u0107 najmodernijih oftalmolo\u0161kih tehnologija.<\/p>\n<p>PREUZMI PDF: <span style=\"color: #ff0000;\"><a style=\"color: #ff0000;\" href=\"https:\/\/oftalmologijabih.ba\/wp-content\/uploads\/2025\/01\/skola-OCT.pdf\" target=\"_blank\" rel=\"noopener\"><strong>\u0160kola OCT<\/strong><\/a><\/span><\/p>\n","protected":false},"excerpt":{"rendered":"<p>Sarajevo \u0107e 4. i 5. aprila 2025. godine postati centar oftalmolo\u0161ke edukacije, jer \u0107e ugostiti prvu me\u0111unarodnu \u0160kolu OCT i OCTA. Ovaj jedinstveni doga\u0111aj okupit \u0107e oftalmologe iz cijele regije, s ciljem razmjene znanja, unaprje\u0111enja dijagnosti\u010dkih vje\u0161tina i usvajanja najsavremenijih tehnika interpretacije OCT i OCTA snimaka. Po prvi put u regiji, u\u010desnici \u0107e imati priliku <\/p>\n<div class=\"btn-more-wrapper\"><a href=\"https:\/\/oftalmologijabih.ba\/en\/prva-skola-oct-i-octa-u-sarajevu-centar-znanja-na-balkanu\/\" class=\"btn btn-sm btn-hover-fill\"><svg class=\"icon icon-right-arrow\" version=\"1.1\" xmlns=\"http:\/\/www.w3.org\/2000\/svg\" width=\"32\" height=\"32\" viewBox=\"0 0 32 32\"><path d=\"M21.548 5.088c-0.436-0.451-1.162-0.451-1.613 0-0.436 0.436-0.436 1.162 0 1.596l8.177 8.177h-26.984c-0.629 0.001-1.129 0.501-1.129 1.13s0.5 1.145 1.129 1.145h26.984l-8.177 8.162c-0.436 0.451-0.436 1.178 0 1.613 0.451 0.451 1.178 0.451 1.613 0l10.113-10.113c0.451-0.436 0.451-1.162 0-1.596l-10.113-10.114z\"><\/path><\/svg>Read More<span class=\"screen-reader-text\"> &#8220;Prva \u0160kola OCT i OCTA u Sarajevu &#8211; centar znanja na Balkanu&#8221;<\/span><svg class=\"icon icon-right-arrow\" version=\"1.1\" xmlns=\"http:\/\/www.w3.org\/2000\/svg\" width=\"32\" height=\"32\" viewBox=\"0 0 32 32\"><path d=\"M21.548 5.088c-0.436-0.451-1.162-0.451-1.613 0-0.436 0.436-0.436 1.162 0 1.596l8.177 8.177h-26.984c-0.629 0.001-1.129 0.501-1.129 1.13s0.5 1.145 1.129 1.145h26.984l-8.177 8.162c-0.436 0.451-0.436 1.178 0 1.613 0.451 0.451 1.178 0.451 1.613 0l10.113-10.113c0.451-0.436 0.451-1.162 0-1.596l-10.113-10.114z\"><\/path><\/svg><\/a><\/div>\n","protected":false},"author":1,"featured_media":0,"comment_status":"closed","ping_status":"closed","sticky":false,"template":"","format":"standard","meta":{"footnotes":""},"categories":[32,25],"tags":[],"class_list":["post-3810","post","type-post","status-publish","format-standard","hentry","category-news","category-professional-articles"],"_links":{"self":[{"href":"https:\/\/oftalmologijabih.ba\/en\/wp-json\/wp\/v2\/posts\/3810","targetHints":{"allow":["GET"]}}],"collection":[{"href":"https:\/\/oftalmologijabih.ba\/en\/wp-json\/wp\/v2\/posts"}],"about":[{"href":"https:\/\/oftalmologijabih.ba\/en\/wp-json\/wp\/v2\/types\/post"}],"author":[{"embeddable":true,"href":"https:\/\/oftalmologijabih.ba\/en\/wp-json\/wp\/v2\/users\/1"}],"replies":[{"embeddable":true,"href":"https:\/\/oftalmologijabih.ba\/en\/wp-json\/wp\/v2\/comments?post=3810"}],"version-history":[{"count":9,"href":"https:\/\/oftalmologijabih.ba\/en\/wp-json\/wp\/v2\/posts\/3810\/revisions"}],"predecessor-version":[{"id":3827,"href":"https:\/\/oftalmologijabih.ba\/en\/wp-json\/wp\/v2\/posts\/3810\/revisions\/3827"}],"wp:attachment":[{"href":"https:\/\/oftalmologijabih.ba\/en\/wp-json\/wp\/v2\/media?parent=3810"}],"wp:term":[{"taxonomy":"category","embeddable":true,"href":"https:\/\/oftalmologijabih.ba\/en\/wp-json\/wp\/v2\/categories?post=3810"},{"taxonomy":"post_tag","embeddable":true,"href":"https:\/\/oftalmologijabih.ba\/en\/wp-json\/wp\/v2\/tags?post=3810"}],"curies":[{"name":"wp","href":"https:\/\/api.w.org\/{rel}","templated":true}]}}